{"id":2617,"date":"2023-01-30T11:15:28","date_gmt":"2023-01-30T10:15:28","guid":{"rendered":"https:\/\/tacfuturelab.org\/future-of-museums-museum-of-art-and-history-geneva-2022-23\/"},"modified":"2025-02-08T16:38:37","modified_gmt":"2025-02-08T15:38:37","slug":"future-of-museums-museum-of-art-and-history-geneva-2022-23","status":"publish","type":"post","link":"https:\/\/tacfuturelab.org\/en\/future-of-museums-museum-of-art-and-history-geneva-2022-23\/","title":{"rendered":"Future of Museums, Museum of Art and History, Geneva, 2022-23"},"content":{"rendered":"<div class=\"wpb-content-wrapper\"><p>[vc_row unlock_row_content=&#8221;yes&#8221; row_height_percent=&#8221;0&#8243; override_padding=&#8221;yes&#8221; h_padding=&#8221;0&#8243; top_padding=&#8221;0&#8243; bottom_padding=&#8221;0&#8243; overlay_alpha=&#8221;50&#8243; gutter_size=&#8221;0&#8243; column_width_percent=&#8221;100&#8243; shift_y=&#8221;0&#8243; z_index=&#8221;0&#8243; uncode_shortcode_id=&#8221;411911&#8243;][vc_column column_width_percent=&#8221;100&#8243; gutter_size=&#8221;3&#8243; overlay_alpha=&#8221;50&#8243; border_color=&#8221;color-jevc&#8221; border_style=&#8221;solid&#8221; shift_x=&#8221;0&#8243; shift_y=&#8221;0&#8243; shift_y_down=&#8221;0&#8243; z_index=&#8221;0&#8243; medium_width=&#8221;0&#8243; mobile_width=&#8221;0&#8243; width=&#8221;2\/3&#8243; uncode_shortcode_id=&#8221;269524&#8243; css=&#8221;.vc_custom_1720794197891{border-right-width: 1px !important;}&#8221; border_color_type=&#8221;uncode-palette&#8221;][vc_empty_space][vc_row_inner row_inner_height_percent=&#8221;0&#8243; overlay_alpha=&#8221;50&#8243; gutter_size=&#8221;1&#8243; shift_y=&#8221;-2&#8243; z_index=&#8221;0&#8243; uncode_shortcode_id=&#8221;105324&#8243;][vc_column_inner column_width_percent=&#8221;85&#8243; align_horizontal=&#8221;align_center&#8221; gutter_size=&#8221;3&#8243; overlay_alpha=&#8221;50&#8243; shift_x=&#8221;0&#8243; shift_y=&#8221;0&#8243; shift_y_down=&#8221;0&#8243; z_index=&#8221;0&#8243; medium_width=&#8221;0&#8243; mobile_width=&#8221;0&#8243; width=&#8221;1\/1&#8243; uncode_shortcode_id=&#8221;198038&#8243;][vc_custom_heading heading_semantic=&#8221;h1&#8243; text_font=&#8221;font-177179&#8243; text_height=&#8221;fontheight-809676&#8243; uncode_shortcode_id=&#8221;134161&#8243;]Future of Museums and Transitions[\/vc_custom_heading][\/vc_column_inner][\/vc_row_inner][vc_row_inner row_inner_height_percent=&#8221;0&#8243; overlay_alpha=&#8221;50&#8243; gutter_size=&#8221;1&#8243; shift_y=&#8221;-2&#8243; z_index=&#8221;0&#8243; uncode_shortcode_id=&#8221;177893&#8243;][vc_column_inner column_width_percent=&#8221;85&#8243; align_horizontal=&#8221;align_center&#8221; gutter_size=&#8221;3&#8243; overlay_alpha=&#8221;50&#8243; shift_x=&#8221;0&#8243; shift_y=&#8221;0&#8243; shift_y_down=&#8221;0&#8243; z_index=&#8221;0&#8243; medium_width=&#8221;0&#8243; mobile_width=&#8221;0&#8243; width=&#8221;1\/1&#8243; uncode_shortcode_id=&#8221;171603&#8243; css=&#8221;.vc_custom_1721318894919{padding-top: 10px !important;padding-right: 10px !important;padding-left: 10px !important;}&#8221;][vc_custom_heading text_size=&#8221;h4&#8243; text_weight=&#8221;600&#8243; uncode_shortcode_id=&#8221;880320&#8243;]Incubation of an internal future lab for the museum teams[\/vc_custom_heading][\/vc_column_inner][\/vc_row_inner][vc_empty_space empty_h=&#8221;2&#8243;][vc_row_inner row_inner_height_percent=&#8221;0&#8243; overlay_alpha=&#8221;50&#8243; gutter_size=&#8221;1&#8243; shift_y=&#8221;-2&#8243; z_index=&#8221;0&#8243; uncode_shortcode_id=&#8221;865474&#8243;][vc_column_inner column_width_percent=&#8221;85&#8243; align_horizontal=&#8221;align_center&#8221; gutter_size=&#8221;3&#8243; overlay_alpha=&#8221;50&#8243; shift_x=&#8221;0&#8243; shift_y=&#8221;0&#8243; shift_y_down=&#8221;0&#8243; z_index=&#8221;0&#8243; medium_width=&#8221;0&#8243; mobile_width=&#8221;0&#8243; width=&#8221;1\/1&#8243; uncode_shortcode_id=&#8221;198038&#8243;][vc_column_text uncode_shortcode_id=&#8221;263651&#8243;]Museum of Art and History, City of Geneva, 2022-23[\/vc_column_text][\/vc_column_inner][\/vc_row_inner][vc_separator sep_color=&#8221;color-nhtu&#8221; uncode_shortcode_id=&#8221;125862&#8243; sep_color_type=&#8221;uncode-palette&#8221; el_width=&#8221;100%&#8221;][vc_empty_space empty_h=&#8221;2&#8243;][vc_row_inner row_inner_height_percent=&#8221;0&#8243; overlay_alpha=&#8221;50&#8243; gutter_size=&#8221;1&#8243; shift_y=&#8221;-2&#8243; z_index=&#8221;0&#8243; uncode_shortcode_id=&#8221;131715&#8243; css=&#8221;.vc_custom_1720794803557{padding-right: 20px !important;padding-left: 20px !important;}&#8221;][vc_column_inner column_width_percent=&#8221;76&#8243; align_horizontal=&#8221;align_center&#8221; gutter_size=&#8221;3&#8243; overlay_alpha=&#8221;50&#8243; shift_x=&#8221;0&#8243; shift_y=&#8221;0&#8243; shift_y_down=&#8221;0&#8243; z_index=&#8221;0&#8243; medium_width=&#8221;0&#8243; mobile_width=&#8221;0&#8243; width=&#8221;1\/1&#8243; uncode_shortcode_id=&#8221;569422&#8243;][vc_custom_heading heading_semantic=&#8221;h3&#8243; text_font=&#8221;font-204163&#8243; text_size=&#8221;h4&#8243; text_weight=&#8221;500&#8243; text_height=&#8221;fontheight-809676&#8243; text_italic=&#8221;yes&#8221; uncode_shortcode_id=&#8221;145605&#8243;]The project consisted of initiating a prospective exploration process (future lab) within the museum teams, in order to shift perspectives, look at the future, help employees to take ownership of their future, support the definition of a new museum concept, and accompany current and future transformations.<\/p>\n<p>&#8211;<\/p>\n<p>The first step was &#8216;Panorama of Transitions&#8217;, a masterclass with almost all the staff (80 people), which enabled participants to take a step back and start to collectively address the profound changes in progress and the future challenges museums are facing.<\/p>\n<p>&#8211;<\/p>\n<p>These challenges were then deepened in a ten months program of workshops that irrigated the museum&#8217;s various activities and ambitions. The teams were trained to continue the work in complete autonomy.[\/vc_custom_heading][\/vc_column_inner][\/vc_row_inner][vc_empty_space empty_h=&#8221;1&#8243;][vc_separator sep_color=&#8221;color-nhtu&#8221; uncode_shortcode_id=&#8221;189856&#8243; sep_color_type=&#8221;uncode-palette&#8221;][vc_empty_space empty_h=&#8221;2&#8243;][vc_row_inner row_inner_height_percent=&#8221;0&#8243; overlay_alpha=&#8221;50&#8243; gutter_size=&#8221;1&#8243; shift_y=&#8221;-2&#8243; z_index=&#8221;0&#8243; uncode_shortcode_id=&#8221;376919&#8243;][vc_column_inner column_width_percent=&#8221;85&#8243; gutter_size=&#8221;3&#8243; override_padding=&#8221;yes&#8221; column_padding=&#8221;2&#8243; overlay_alpha=&#8221;50&#8243; shift_x=&#8221;0&#8243; shift_y=&#8221;0&#8243; shift_y_down=&#8221;0&#8243; z_index=&#8221;0&#8243; medium_width=&#8221;0&#8243; mobile_width=&#8221;0&#8243; width=&#8221;1\/1&#8243; uncode_shortcode_id=&#8221;164981&#8243;][vc_single_image media=&#8221;1896&#8243; media_width_percent=&#8221;100&#8243; alignment=&#8221;center&#8221; uncode_shortcode_id=&#8221;161165&#8243;][vc_empty_space empty_h=&#8221;2&#8243;][vc_custom_heading text_size=&#8221;h4&#8243; separator=&#8221;yes&#8221; uncode_shortcode_id=&#8221;108120&#8243;]Pr\u00e9sentation du projet[\/vc_custom_heading][vc_column_text uncode_shortcode_id=&#8221;571485&#8243;]Situ\u00e9 au c\u0153ur de la ville, le Mus\u00e9e d\u2019Art et d\u2019Histoire de Gen\u00e8ve est le 3e plus gros mus\u00e9e de Suisse, avec une collection de plus de 600 000 artefacts compos\u00e9s aussi bien d\u2019\u0153uvres d\u2019art de diff\u00e9rentes \u00e9poques, que de pi\u00e8ces arch\u00e9ologiques, d\u2019objets, d\u2019armes, d\u2019horlogerie, ou de numismatique. En choisissant un nouveau directeur issu de l\u2019art contemporain, la Ville de Gen\u00e8ve a souhait\u00e9 donner un nouveau souffle \u00e0 ce mus\u00e9e un peu vieillissant.<\/p>\n<p style=\"padding-left: 40px;\">Le futur lab incub\u00e9 a vocation \u00e0 la fois \u00e0 embarquer toutes les \u00e9quipes du mus\u00e9e dans ce mouvement de r\u00e9invention audacieuse, et \u00e0 nourrir la d\u00e9finition et le positionnement du nouveau concept mus\u00e9al port\u00e9 par la direction. L\u2019objectif est de favoriser l\u2019appropriation du futur par toutes les \u00e9quipes en toute s\u00e9r\u00e9nit\u00e9, et de soutenir la red\u00e9finition du projet mus\u00e9al et strat\u00e9gique (en amont de toute communication), raison pour laquelle il s\u2019est jou\u00e9 exclusivement en interne pour commencer.<\/p>\n<p>Le masterclass introductif \u00ab panorama des transitions et enjeux prospectifs des mus\u00e9es \u00bb permettait \u00e0 chacun de conscientiser le changement de paradigme actuel, et commencer \u00e0 sentir et \u00e9changer sur comment les mus\u00e9es s\u2019inscrivent dans ce monde en profonde transition. Le format masterclass (45mn de temps de parole, 45mn d\u2019\u00e9changes \u00e0 b\u00e2tons rompus avec le public) s\u2019est av\u00e9r\u00e9 tr\u00e8s efficace pour amorcer cette discussion collective (environ 80 participants).<\/p>\n<p style=\"padding-left: 40px;\">Dans la foul\u00e9e, les participants s\u2019inscrivaient \u00e0 un programme d\u2019ateliers d\u2019approfondissement prospectif dans les mois qui ont suivi, l\u2019objectif \u00e9tant qu\u2019elles s\u2019autoorganisent pour les poursuivre en toute autonomie. Par respect de nos engagements contractuels de confidentialit\u00e9, nous ne divulguons pas les th\u00e8mes et contenus de ces ateliers prospectifs, dont certains sont tr\u00e8s pragmatiques, appliqu\u00e9s ou strat\u00e9giques, d\u2019autres plus sp\u00e9culatifs, artistiques ou th\u00e9oriques.<\/p>\n<p>Le programme est accompagn\u00e9 de la mise en place d\u2019outils de partage de connaissance et d\u2019id\u00e9es entre pairs, ainsi que d\u2019un engagement et des modalit\u00e9s d\u2019exp\u00e9rimentation r\u00e9guli\u00e8re dans tous les d\u00e9partements du mus\u00e9es (conservation, programmation, services des publics, innovation, d\u00e9veloppement num\u00e9rique, relations ext\u00e9rieures, gestion interne, etc.).<br \/>\nDes liens sont cr\u00e9\u00e9s avec les autres programmes transverses ou ext\u00e9rieurs du mus\u00e9e (innovation, d\u00e9veloppement durable et urbain), ou encore avec le projet architectural associ\u00e9 au nouveau concept mus\u00e9al en cours de d\u00e9finition.<br \/>\nDes points d\u2019\u00e9tapes r\u00e9guliers permettent d\u2019apporter des recommandations et d\u2019affuter toutes ces modalit\u00e9s dans la plus grande fluidit\u00e9.[\/vc_column_text][vc_empty_space empty_h=&#8221;2&#8243;][vc_separator sep_color=&#8221;color-gyho&#8221; uncode_shortcode_id=&#8221;475194&#8243; sep_color_type=&#8221;uncode-palette&#8221;][vc_gallery el_id=&#8221;gallery-643347&#8243; type=&#8221;carousel&#8221; medias=&#8221;1902,1904&#8243; carousel_lg=&#8221;2&#8243; carousel_md=&#8221;2&#8243; carousel_sm=&#8221;1&#8243; gutter_size=&#8221;3&#8243; carousel_interval=&#8221;3000&#8243; carousel_navspeed=&#8221;400&#8243; stage_padding=&#8221;0&#8243; single_overlay_opacity=&#8221;50&#8243; single_padding=&#8221;2&#8243; uncode_shortcode_id=&#8221;158767&#8243;][vc_separator sep_color=&#8221;color-gyho&#8221; uncode_shortcode_id=&#8221;475194&#8243; sep_color_type=&#8221;uncode-palette&#8221;][vc_empty_space empty_h=&#8221;2&#8243;][vc_custom_heading text_size=&#8221;h4&#8243; separator=&#8221;yes&#8221; uncode_shortcode_id=&#8221;878731&#8243;]Slides du masterclass introductif[\/vc_custom_heading][vc_gallery el_id=&#8221;gallery-127371&#8243; type=&#8221;css_grid&#8221; medias=&#8221;1854,1856,1858,1860,1862,1864,1866,1868,1870,1872,1874,1876,1878,1880,1882,1884,1886,1888,1890&#8243; screen_lg_items=&#8221;3&#8243; screen_lg_breakpoint=&#8221;1000&#8243; screen_md_items=&#8221;2&#8243; screen_md_breakpoint=&#8221;600&#8243; screen_sm_items=&#8221;1&#8243; screen_sm_breakpoint=&#8221;480&#8243; gutter_size=&#8221;2&#8243; single_overlay_opacity=&#8221;50&#8243; single_padding=&#8221;2&#8243; uncode_shortcode_id=&#8221;195654&#8243;][vc_empty_space empty_h=&#8221;1&#8243;][\/vc_column_inner][\/vc_row_inner][\/vc_column][vc_column column_width_percent=&#8221;100&#8243; gutter_size=&#8221;2&#8243; override_padding=&#8221;yes&#8221; column_padding=&#8221;0&#8243; overlay_alpha=&#8221;50&#8243; shift_x=&#8221;0&#8243; shift_y=&#8221;0&#8243; shift_y_down=&#8221;0&#8243; z_index=&#8221;0&#8243; medium_width=&#8221;0&#8243; mobile_width=&#8221;0&#8243; sticky=&#8221;yes&#8221; width=&#8221;1\/3&#8243; uncode_shortcode_id=&#8221;196815&#8243; css=&#8221;.vc_custom_1691746504511{padding-right: 50px !important;padding-left: 50px !important;}&#8221;][vc_empty_space empty_h=&#8221;1&#8243; mobile_visibility=&#8221;yes&#8221;][vc_separator sep_color=&#8221;color-jevc&#8221; uncode_shortcode_id=&#8221;197622&#8243; sep_color_type=&#8221;uncode-palette&#8221;][vc_column_text uncode_shortcode_id=&#8221;234544&#8243;]<strong>Research axes reminder<\/strong>[\/vc_column_text][vc_separator sep_color=&#8221;color-jevc&#8221; uncode_shortcode_id=&#8221;197622&#8243; sep_color_type=&#8221;uncode-palette&#8221;][vc_column_text uncode_shortcode_id=&#8221;548320&#8243;]<strong>Axis 1: <\/strong>Transitions &amp; Future Worlds<br \/>\n<strong>Axis 2: <\/strong>Foresight Methodology Innovation<br \/>\n<strong>Axis 3: <\/strong>Art &amp; Future Research[\/vc_column_text][vc_empty_space empty_h=&#8221;0&#8243;][vc_separator sep_color=&#8221;color-jevc&#8221; uncode_shortcode_id=&#8221;197622&#8243; sep_color_type=&#8221;uncode-palette&#8221;][vc_column_text uncode_shortcode_id=&#8221;491565&#8243;]<strong>Related articles<\/strong>[\/vc_column_text][vc_separator sep_color=&#8221;color-jevc&#8221; uncode_shortcode_id=&#8221;197622&#8243; sep_color_type=&#8221;uncode-palette&#8221;][vc_empty_space empty_h=&#8221;1&#8243;][uncode_index el_id=&#8221;index-156525&#8243; loop=&#8221;size:6|order_by:date|order:ASC|post_type:post|tags:55,57,51,59,64,74|taxonomy_count:10&#8243; screen_lg=&#8221;1000&#8243; screen_md=&#8221;600&#8243; screen_sm=&#8221;480&#8243; gutter_size=&#8221;2&#8243; post_items=&#8221;media|featured|onpost|original,title,text|excerpt|120,sep-one|full&#8221; single_overlay_opacity=&#8221;50&#8243; single_padding=&#8221;1&#8243; single_title_semantic=&#8221;h2&#8243; single_title_dimension=&#8221;h6&#8243; single_title_weight=&#8221;600&#8243; single_title_height=&#8221;fontheight-809676&#8243; single_text_lead=&#8221;small&#8221; uncode_shortcode_id=&#8221;649619&#8243; items=&#8221;eyIxOTgyX2kiOnsic2luZ2xlX2xheW91dF9wb3N0X2l0ZW1zIjoidGl0bGUsdGV4dHxleGNlcnB0fDEyMCxtZWRpYXxmZWF0dXJlZHxvbnBvc3R8b3JpZ2luYWwifX0=&#8221;][vc_empty_space empty_h=&#8221;2&#8243;][\/vc_column][\/vc_row]<\/p>\n<\/div>","protected":false},"excerpt":{"rendered":"<p>This vast \u2018future lab\u2019 (10 months) on the future of museums has made it possible to sustainably instill prospective thinking within all the museum teams (80 employees) to better address and be part of the movement of major transitions.<\/p>\n","protected":false},"author":3,"featured_media":1906,"comment_status":"open","ping_status":"open","sticky":false,"template":"","format":"standard","meta":{"footnotes":""},"categories":[25,30],"tags":[84,85,87,95],"class_list":["post-2617","post","type-post","status-publish","format-standard","has-post-thumbnail","hentry","category-conferences-en","category-workshop-en","tag-lx-en","tag-axe-1-en","tag-mus-en","tag-tac20-en"],"_links":{"self":[{"href":"https:\/\/tacfuturelab.org\/en\/wp-json\/wp\/v2\/posts\/2617","targetHints":{"allow":["GET"]}}],"collection":[{"href":"https:\/\/tacfuturelab.org\/en\/wp-json\/wp\/v2\/posts"}],"about":[{"href":"https:\/\/tacfuturelab.org\/en\/wp-json\/wp\/v2\/types\/post"}],"author":[{"embeddable":true,"href":"https:\/\/tacfuturelab.org\/en\/wp-json\/wp\/v2\/users\/3"}],"replies":[{"embeddable":true,"href":"https:\/\/tacfuturelab.org\/en\/wp-json\/wp\/v2\/comments?post=2617"}],"version-history":[{"count":8,"href":"https:\/\/tacfuturelab.org\/en\/wp-json\/wp\/v2\/posts\/2617\/revisions"}],"predecessor-version":[{"id":2819,"href":"https:\/\/tacfuturelab.org\/en\/wp-json\/wp\/v2\/posts\/2617\/revisions\/2819"}],"wp:featuredmedia":[{"embeddable":true,"href":"https:\/\/tacfuturelab.org\/en\/wp-json\/wp\/v2\/media\/1906"}],"wp:attachment":[{"href":"https:\/\/tacfuturelab.org\/en\/wp-json\/wp\/v2\/media?parent=2617"}],"wp:term":[{"taxonomy":"category","embeddable":true,"href":"https:\/\/tacfuturelab.org\/en\/wp-json\/wp\/v2\/categories?post=2617"},{"taxonomy":"post_tag","embeddable":true,"href":"https:\/\/tacfuturelab.org\/en\/wp-json\/wp\/v2\/tags?post=2617"}],"curies":[{"name":"wp","href":"https:\/\/api.w.org\/{rel}","templated":true}]}}